{"id":1330,"date":"2018-08-07T22:12:47","date_gmt":"2018-08-07T22:12:47","guid":{"rendered":"http:\/\/www.africanchallenges.com\/?p=1330"},"modified":"2018-08-07T22:25:36","modified_gmt":"2018-08-07T22:25:36","slug":"ouganda-facebook-gele-son-investissement-dans-le-pays","status":"publish","type":"post","link":"https:\/\/www.africanchallenges.com\/?p=1330","title":{"rendered":"Ouganda: Facebook g\u00e8le son investissement dans le pays"},"content":{"rendered":"<p><strong>La soci\u00e9t\u00e9 am\u00e9ricaine Facebook, fond\u00e9e par Mark Zuckerberg, a annonc\u00e9 le gel de son projet d\u2019investissement pour le d\u00e9veloppement de la connectivit\u00e9 Internet en Ouganda. Cette d\u00e9cision d\u00e9coule de l\u2019introduction par le gouvernement de la <a href=\"https:\/\/www.africanchallenges.com\/ouganda-les-taxes-sur-les-reseaux-sociaux-et-le-mobile-money-sont-officiellement-entrees-en-vigueur\/\">taxe sur les r\u00e9seaux sociaux<\/a>, entr\u00e9e en vigueur le 1er juillet 2018.<\/strong><\/p>\n<p>L\u2019investissement dans l\u2019am\u00e9lioration de la connectivit\u00e9 Internet \u00e9voqu\u00e9 par Facebook en Ouganda se chiffre \u00e0 170 millions de dollars US. Il est le fruit d\u2019un accord de coop\u00e9ration avec l\u2019op\u00e9rateur de t\u00e9l\u00e9phonie mobile Airtel et la soci\u00e9t\u00e9 Bandwidth &amp; Cloud Services portant sur le d\u00e9ploiement de 770 kilom\u00e8tres de fibres dans le Nord-Ouest de l&rsquo;Ouganda.<\/p>\n<p>D\u2019apr\u00e8s le Journal The East African, Kojo Boakye, le responsable des politiques publiques africaines chez Facebook, a d\u00e9j\u00e0 inform\u00e9 la Commission ougandaise des communications (UCC) de la d\u00e9cision de l\u2019entreprise d\u2019investir ailleurs parce que le mod\u00e8le sur lequel \u00e9tait bas\u00e9 le plan d&rsquo;investissement en Ouganda sera affect\u00e9 par la taxe.<\/p>\n<p>En Ouganda, Facebook estimait que le faible volume d\u2019utilisateurs de son r\u00e9seau (2,2 millions pour 13 millions d\u2019Internautes en 2015), d\u00e9coulait en grande partie de la mauvaise qualit\u00e9 de la connectivit\u00e9.<\/p>\n<p>En investissant alors sur la qualit\u00e9 du d\u00e9bit Internet par la fibre optique, la soci\u00e9t\u00e9 am\u00e9ricaine pr\u00e9parait le terrain \u00e0 la croissance du nombre d\u2019utilisateurs de son r\u00e9seau social via l\u2019augmentation du volume de consommateurs d\u2019Internet.<\/p>\n<p>Mais avec la taxe d\u00e9cid\u00e9e par le gouvernement, Facebook s\u2019estime perdant parce qu\u2019il d\u00e9pense en amont pour am\u00e9liorer la connectivit\u00e9 du pays alors que l\u2019utilisation au quotidien de son service est frein\u00e9e en aval.<\/p>\n<p>Avec Agence Ecofin<\/p>\n","protected":false},"excerpt":{"rendered":"<p>La soci\u00e9t\u00e9 am\u00e9ricaine Facebook, fond\u00e9e par Mark Zuckerberg, a annonc\u00e9 le gel de son projet d\u2019investissement pour le d\u00e9veloppement de la connectivit\u00e9 Internet en Ouganda. Cette d\u00e9cision d\u00e9coule de l\u2019introduction par le gouvernement de la taxe sur les r\u00e9seaux sociaux, entr\u00e9e en vigueur le 1er juillet 2018. L\u2019investissement dans l\u2019am\u00e9lioration de la connectivit\u00e9 Internet \u00e9voqu\u00e9 [&hellip;]<\/p>\n","protected":false},"author":4,"featured_media":1333,"comment_status":"open","ping_status":"closed","sticky":false,"template":"","format":"standard","meta":{"content-type":"","jnews-multi-image_gallery":[],"jnews_single_post":{"override_template":"1","override":[{"template":"1","parallax":"1","fullscreen":"0","layout":"right-sidebar","sidebar":"default-sidebar","second_sidebar":"default-sidebar","sticky_sidebar":"1","share_position":"top","share_float_style":"share-monocrhome","show_share_counter":"1","show_view_counter":"1","show_featured":"1","show_post_meta":"1","show_post_author":"1","show_post_author_image":"1","show_post_date":"1","post_date_format":"default","post_date_format_custom":"Y\/m\/d","show_post_category":"1","show_post_tag":"1","show_prev_next_post":"1","show_popup_post":"1","number_popup_post":"1","show_author_box":"0","show_post_related":"1","show_inline_post_related":"0"}],"override_image_size":"0","image_override":[{"single_post_thumbnail_size":"crop-500","single_post_gallery_size":"crop-500"}]},"jnews_primary_category":{"id":""},"jnews_override_bookmark_settings":[],"jnews_review":[],"enable_review":"","type":"","name":"","summary":"","brand":"","sku":"","good":[],"bad":[],"score_override":"","override_value":"","rating":[],"price":[],"jnews_post_split":[],"footnotes":""},"categories":[12],"tags":[162,599,154,161],"class_list":["post-1330","post","type-post","status-publish","format-standard","has-post-thumbnail","hentry","category-tech","tag-facebook","tag-mark-zuckerberg","tag-ouganda","tag-reseaux-sociaux"],"_links":{"self":[{"href":"https:\/\/www.africanchallenges.com\/index.php?rest_route=\/wp\/v2\/posts\/1330","targetHints":{"allow":["GET"]}}],"collection":[{"href":"https:\/\/www.africanchallenges.com\/index.php?rest_route=\/wp\/v2\/posts"}],"about":[{"href":"https:\/\/www.africanchallenges.com\/index.php?rest_route=\/wp\/v2\/types\/post"}],"author":[{"embeddable":true,"href":"https:\/\/www.africanchallenges.com\/index.php?rest_route=\/wp\/v2\/users\/4"}],"replies":[{"embeddable":true,"href":"https:\/\/www.africanchallenges.com\/index.php?rest_route=%2Fwp%2Fv2%2Fcomments&post=1330"}],"version-history":[{"count":4,"href":"https:\/\/www.africanchallenges.com\/index.php?rest_route=\/wp\/v2\/posts\/1330\/revisions"}],"predecessor-version":[{"id":1345,"href":"https:\/\/www.africanchallenges.com\/index.php?rest_route=\/wp\/v2\/posts\/1330\/revisions\/1345"}],"wp:featuredmedia":[{"embeddable":true,"href":"https:\/\/www.africanchallenges.com\/index.php?rest_route=\/wp\/v2\/media\/1333"}],"wp:attachment":[{"href":"https:\/\/www.africanchallenges.com\/index.php?rest_route=%2Fwp%2Fv2%2Fmedia&parent=1330"}],"wp:term":[{"taxonomy":"category","embeddable":true,"href":"https:\/\/www.africanchallenges.com\/index.php?rest_route=%2Fwp%2Fv2%2Fcategories&post=1330"},{"taxonomy":"post_tag","embeddable":true,"href":"https:\/\/www.africanchallenges.com\/index.php?rest_route=%2Fwp%2Fv2%2Ftags&post=1330"}],"curies":[{"name":"wp","href":"https:\/\/api.w.org\/{rel}","templated":true}]}}