{"id":1284,"date":"2018-08-06T22:41:37","date_gmt":"2018-08-06T22:41:37","guid":{"rendered":"http:\/\/www.africanchallenges.com\/?p=1284"},"modified":"2018-08-06T22:43:16","modified_gmt":"2018-08-06T22:43:16","slug":"tunisie-habib-essid-nomme-au-poste-de-ministre-conseiller-special-aupres-du-president-de-la-republique","status":"publish","type":"post","link":"https:\/\/www.africanchallenges.com\/?p=1284","title":{"rendered":"Tunisie : Habib Essid nomm\u00e9 au poste de ministre-conseiller sp\u00e9cial aupr\u00e8s du pr\u00e9sident de la r\u00e9publique"},"content":{"rendered":"<p>Dans un communiqu\u00e9 rendu public ce lundi 06 aout 2018, la pr\u00e9sidence de la R\u00e9publique a annonc\u00e9 que le chef de l\u2019Etat Beji Ca\u00efd Essebsi a re\u00e7u l\u2019ancien chef du gouvernement, Habib Essid.<\/p>\n<p>Le pr\u00e9sident de la R\u00e9publique a d\u00e9cid\u00e9 de nommer Habib Essid au poste de ministre-conseiller sp\u00e9cial aupr\u00e8s du pr\u00e9sident de la r\u00e9publique charg\u00e9 des affaires politiques.<\/p>\n<p>https:\/\/www.facebook.com\/Presidence.tn\/videos\/1985410584850322\/<\/p>\n","protected":false},"excerpt":{"rendered":"<p>Dans un communiqu\u00e9 rendu public ce lundi 06 aout 2018, la pr\u00e9sidence de la R\u00e9publique a annonc\u00e9 que le chef de l\u2019Etat Beji Ca\u00efd Essebsi a re\u00e7u l\u2019ancien chef du gouvernement, Habib Essid. Le pr\u00e9sident de la R\u00e9publique a d\u00e9cid\u00e9 de nommer Habib Essid au poste de ministre-conseiller sp\u00e9cial aupr\u00e8s du pr\u00e9sident de la r\u00e9publique [&hellip;]<\/p>\n","protected":false},"author":3,"featured_media":1285,"comment_status":"open","ping_status":"closed","sticky":false,"template":"","format":"standard","meta":{"content-type":"","jnews-multi-image_gallery":[],"jnews_single_post":{"override_template":"0","override":[{"template":"1","parallax":"1","fullscreen":"0","layout":"right-sidebar","sidebar":"default-sidebar","second_sidebar":"default-sidebar","sticky_sidebar":"1","share_position":"top","share_float_style":"share-monocrhome","show_share_counter":"1","show_view_counter":"1","show_featured":"1","show_post_meta":"1","show_post_author":"1","show_post_author_image":"1","show_post_date":"1","post_date_format":"default","post_date_format_custom":"Y\/m\/d","show_post_category":"1","show_post_tag":"1","show_prev_next_post":"1","show_popup_post":"1","number_popup_post":"1","show_author_box":"0","show_post_related":"1","show_inline_post_related":"0"}],"override_image_size":"0","image_override":[{"single_post_thumbnail_size":"crop-500","single_post_gallery_size":"crop-500"}]},"jnews_primary_category":{"id":""},"jnews_override_bookmark_settings":[],"jnews_review":[],"enable_review":"","type":"","name":"","summary":"","brand":"","sku":"","good":[],"bad":[],"score_override":"","override_value":"","rating":[],"price":[],"jnews_post_split":[],"footnotes":""},"categories":[2],"tags":[562,563,564,561],"class_list":["post-1284","post","type-post","status-publish","format-standard","has-post-thumbnail","hentry","category-news-politique","tag-beji-caid-essebs","tag-habib-essid","tag-ministre-conseiller","tag-presidence-de-la-republique"],"_links":{"self":[{"href":"https:\/\/www.africanchallenges.com\/index.php?rest_route=\/wp\/v2\/posts\/1284","targetHints":{"allow":["GET"]}}],"collection":[{"href":"https:\/\/www.africanchallenges.com\/index.php?rest_route=\/wp\/v2\/posts"}],"about":[{"href":"https:\/\/www.africanchallenges.com\/index.php?rest_route=\/wp\/v2\/types\/post"}],"author":[{"embeddable":true,"href":"https:\/\/www.africanchallenges.com\/index.php?rest_route=\/wp\/v2\/users\/3"}],"replies":[{"embeddable":true,"href":"https:\/\/www.africanchallenges.com\/index.php?rest_route=%2Fwp%2Fv2%2Fcomments&post=1284"}],"version-history":[{"count":3,"href":"https:\/\/www.africanchallenges.com\/index.php?rest_route=\/wp\/v2\/posts\/1284\/revisions"}],"predecessor-version":[{"id":1288,"href":"https:\/\/www.africanchallenges.com\/index.php?rest_route=\/wp\/v2\/posts\/1284\/revisions\/1288"}],"wp:featuredmedia":[{"embeddable":true,"href":"https:\/\/www.africanchallenges.com\/index.php?rest_route=\/wp\/v2\/media\/1285"}],"wp:attachment":[{"href":"https:\/\/www.africanchallenges.com\/index.php?rest_route=%2Fwp%2Fv2%2Fmedia&parent=1284"}],"wp:term":[{"taxonomy":"category","embeddable":true,"href":"https:\/\/www.africanchallenges.com\/index.php?rest_route=%2Fwp%2Fv2%2Fcategories&post=1284"},{"taxonomy":"post_tag","embeddable":true,"href":"https:\/\/www.africanchallenges.com\/index.php?rest_route=%2Fwp%2Fv2%2Ftags&post=1284"}],"curies":[{"name":"wp","href":"https:\/\/api.w.org\/{rel}","templated":true}]}}