{"id":12154,"date":"2019-10-28T19:04:25","date_gmt":"2019-10-28T19:04:25","guid":{"rendered":"http:\/\/www.africanchallenges.com\/?p=12154"},"modified":"2019-10-28T19:05:16","modified_gmt":"2019-10-28T19:05:16","slug":"tunisie-les-journees-cinematographique-de-carthage-2019-rend-hommage-a-nejib-ayed","status":"publish","type":"post","link":"https:\/\/www.africanchallenges.com\/?p=12154","title":{"rendered":"Tunisie : Les journ\u00e9es Cin\u00e9matographique de Carthage 2019  rend hommage \u00e0 N\u00e9jib Ayed"},"content":{"rendered":"\n<p><strong>Rares sont les c\u00e9r\u00e9monies o\u00f9 se m\u00ealent avec autant de force la douleur de la perte \u00e0 la douceur du souvenir. Mais c \u2018est ainsi que s\u2019est d\u00e9roul\u00e9e la c\u00e9r\u00e9monie officielle d\u2019hommage \u00e0 Feu N\u00e9jib Ayed organis\u00e9e ce matin,dimanche 27 octobre \u00e0 la salle Omar Khelifi \u00e0 la Cit\u00e9 de la Culture \u00e0 Tunis, en pr\u00e9sence du Ministre des affaires culturelles,Mr.Mohamed Zine ELAbidine, de la famille de feu Nejib ayed ,de ses amis, collaborateurs,ainsi que de nombreux artistes a ,cin\u00e9astes et journalistes,les intervenants ont tour \u00e0 tour pris\u00a0 la parole pour rendre hommage \u00e0 de L homme ,de l&rsquo;intellectuel engag\u00e9 du p\u00e8re ,et du compagnon qu&rsquo;il a \u00e9t\u00e9 .Parmi les pr\u00e9sents, le r\u00e9alisateur F\u00e9rid Boughedir ,la com\u00e9dienne Leila Toubel,le com\u00e9dien Ali Bannour et le r\u00e9alisateur Hamadi Arafa.<br \/><br \/><\/strong>Le premier\u00a0 hommage fut musical ,avec un morceau compos\u00e9 en m\u00e9moire de feu N\u00e9jib Ayed par son ami de longue date le soliste belge \u00ab\u00a0Christian Lacroix\u00a0\u00bb. Tandis qu &lsquo;au piano s&rsquo;\u00e9coulait la musique \u00ab\u00a0d&rsquo;une promenade avec un ami\u00a0\u00bb les photos de feu N\u00e9jib Ayed d\u00e9filait sur l&rsquo; \u00e9crans g\u00e9ants de la salle Omar khelifi\u00a0 .<br \/>Pour pr\u00e9senter cette c\u00e9r\u00e9monie d&rsquo;hommage Raja Farhat a commenc\u00e9 par rappeler l&#8217;empreinte de N\u00e9jib Ayed et son action depuis les ann\u00e9es 70 en faveur des cin\u00e9 clubs.Le d\u00e9funt militait pour implanter ses espaces de libert\u00e9s et de r\u00e9flexion partout en Tunisie et particuli\u00e8rement dans les r\u00e9gions les plus d\u00e9favoris\u00e9es. \u201c A une \u00e9poque o\u00f9 les opinions et les gestes \u00e9taient surveill\u00e9s ,Nejib Ayed militait pour que vivre ces temples de la pens\u00e9e libre et progressiste\u201d D\u00e9clare Raja Farhat avant de c\u00e9der la place aux diff\u00e9rents t\u00e9moignages en hommage \u00e0 Nejib Ayed.<br \/>La premi\u00e8re \u00e0 prendre la parole \u00e9tait Fatma Mansour ,amie proche de la famille qui a d\u00e9di\u00e9 un po\u00e8me d\u2019\u00e9loge fun\u00e8bre \u00e0 son ami disparu.<br \/>Feryel Kallela, sc\u00e9nariste tunisienne,venue du Canada sp\u00e9cialement pour rendre hommage au ma\u00eetre et guide \u00e0 la vie comme en cin\u00e9ma qui l&rsquo;a toujours encourag\u00e9 et cru en elle depuis ses d\u00e9buts,comme il l&rsquo;avait fait avec beaucoup de jeunes talents.<br \/>\u201cJ&rsquo;admirais son \u00e9l\u00e9gance, je collais \u00e0 son ombre et le suivais partout. Je voulais tout apprendre de lui\u201d avec ces mots \u00e9mus ,Mohamed Amine Boukhriss a exprim\u00e9 la douleur d\u2019avoir perdu un ami et un mentor. Il a \u00e9voqu\u00e9 la foi qu&rsquo;avait Nejib Ayed dans les jeunes talents et sa capacit\u00e9 de les d\u00e9couvrir. N\u00e9jib ayed lui a notamment permis de r\u00e9aliser War Reporter(2013), une aventure cin\u00e9matographique que le producteur a soutenu et produit malgr\u00e9 la prise de risque.<br \/>Le producteur tunisien Habib Attia fils de feu Baha Eddine Attia tr\u00e8s \u00e9mu a pour sa part d\u00e9clar\u00e9 \u201c en le perdant, j&rsquo;ai perdu mon p\u00e8re une deuxi\u00e8me fois. Feu Baha Eddine Attia,producteur tunisien et ami de N\u00e9jib Attia est d\u00e9c\u00e9d\u00e9 quelques ann\u00e9es auparavant.<br \/>Le r\u00e9alisateur Hamadi Arafa a relat\u00e9 le parcours commun qu&rsquo;il a eu avec feu N\u00e9jib Ayed.Tous deux ont r\u00e9alis\u00e9 et produits de nombreuses fictions et feuilletons pour la t\u00e9l\u00e9vision nationale tunisienne,comme \u201cAl Douar\u201d El Nass Hekaya\u201d et \u201cWarda\u201d. Il a \u00e9voqu\u00e9 les qualit\u00e9s humaines et professionnelles de N\u00e9jib Ayed ,son respect pour ses \u00e9quipes, ses collaborateurs,sa ponctualit\u00e9, et son s\u00e9rieux\u2026<br \/><br \/>Madame Chiraz Latiri a exprim\u00e9 sa profonde tristesse de perdre un ami proche ,en plus de l &lsquo;homme de culture et de cin\u00e9ma avec qui elle a travaill\u00e9\u00a0 et collabor\u00e9 durant des ann\u00e9es.Le ministre des affaires culturelles a pris la parole pour \u00e9voquer l\u2019empreinte qu\u2019a laiss\u00e9 Nejib Ayed dans la vie culturelle nationale,et le vide laiss\u00e9 par son d\u00e9part,en incitant les artistes et les cin\u00e9astes \u00e0 poursuivre l&rsquo;action impuls\u00e9e par feu N\u00e9jib Ayed.<br \/><br \/>Les interventions, ont \u00e9t\u00e9 entrecoup\u00e9es d&rsquo;interm\u00e8des musicaux, avec un r\u00e9cital de Zohra Lajnef alors que sur les \u00e9crans d\u00e9filaient en photos, des fragments de vie de N\u00e9jib Ayed.<br \/>\u201cJ&rsquo;ai perdu mon p\u00e8re, mon p\u00e8re est mort \u201d, ce sont les mots \u00e9mus et bouleversants d&rsquo;Ahmed Ayed,inconsolable,qui a parl\u00e9 avec sobri\u00e9t\u00e9 et tristesse de ses souvenirs d \u2018enfance et de jeune homme avec son p\u00e8re et de la relation exceptionnelle qu&rsquo;ils avaient.<br \/>Leila Toubel,amie du d\u00e9funt a d\u00e9di\u00e9 un po\u00e8me r\u00e9cit\u00e9 en fran\u00e7ais,en hommage \u00e0 sa m\u00e9moire.<br \/>Najet Nabli, veuve de N\u00e9jib Ayed,a parl\u00e9 avec \u00e9motion de ce que repr\u00e9sentait pour elle l&rsquo;homme et le compagnon ainsi que de sa vie d\u2019artiste militant pour la culture. Elle a annonc\u00e9 la cr\u00e9ation de la fondation N\u00e9jib Ayed pour la culture et le cin\u00e9ma d\u00e9di\u00e9e \u00e0 soutenir les jeunes talents pour leur permettre de r\u00e9aliser leurs r\u00eaves et leurs projets.<br \/>Si tout dans cette 30\u00e8me \u00e9dition de s Journ\u00e9es Cin\u00e9matographique de Carthage JCC 2019 (Session Nejib Ayed ) rappelle son d\u00e9part ; sa pr\u00e9sence absence bienveillante et son souvenir \u00e9claire ses journ\u00e9es.L\u2019adieu \u00e0 si N\u00e9jib fut beau ,m\u00e9lodieux\u00a0 et \u00e9mouvant\u00a0 comme l&rsquo;a \u00e9t\u00e9 sa vie.<\/p>\n","protected":false},"excerpt":{"rendered":"Rares sont les c\u00e9r\u00e9monies o\u00f9 se m\u00ealent avec autant de force la douleur de la perte \u00e0 la douceur du souvenir. Mais c \u2018est ainsi que s\u2019est d\u00e9roul\u00e9e la c\u00e9r\u00e9monie officielle d\u2019hommage \u00e0 Feu N\u00e9jib Ayed organis\u00e9e ce matin,dimanche 27 octobre \u00e0 la salle Omar Khelifi \u00e0 la Cit\u00e9 de la Culture \u00e0 Tunis, en [...]","protected":false},"author":4,"featured_media":12155,"comment_status":"open","ping_status":"closed","sticky":false,"template":"","format":"standard","meta":{"content-type":"","jnews-multi-image_gallery":[],"jnews_single_post":{"override":[{"template":"1","parallax":"1","layout":"right-sidebar","sidebar":"default-sidebar","second_sidebar":"default-sidebar","sticky_sidebar":"1","share_position":"top","share_float_style":"share-monocrhome","show_share_counter":"1","show_view_counter":"1","show_featured":"1","show_post_meta":"1","show_post_author":"1","show_post_author_image":"1","show_post_date":"1","post_date_format":"default","post_date_format_custom":"Y\/m\/d","show_post_category":"1","show_post_tag":"1","show_prev_next_post":"1","show_popup_post":"1","number_popup_post":"1","show_post_related":"1"}],"image_override":[{"single_post_thumbnail_size":"crop-500","single_post_gallery_size":"crop-500"}]},"jnews_primary_category":{"id":""},"jnews_override_bookmark_settings":[],"jnews_review":[],"enable_review":"","type":"","name":"","summary":"","brand":"","sku":"","good":[],"bad":[],"score_override":"","override_value":"","rating":[],"price":[],"jnews_post_split":[],"footnotes":""},"categories":[17,7],"tags":[238,833],"class_list":["post-12154","post","type-post","status-publish","format-standard","has-post-thumbnail","hentry","category-entertainment","category-lifestyle","tag-hommage","tag-nejib-ayed"],"_links":{"self":[{"href":"https:\/\/www.africanchallenges.com\/index.php?rest_route=\/wp\/v2\/posts\/12154","targetHints":{"allow":["GET"]}}],"collection":[{"href":"https:\/\/www.africanchallenges.com\/index.php?rest_route=\/wp\/v2\/posts"}],"about":[{"href":"https:\/\/www.africanchallenges.com\/index.php?rest_route=\/wp\/v2\/types\/post"}],"author":[{"embeddable":true,"href":"https:\/\/www.africanchallenges.com\/index.php?rest_route=\/wp\/v2\/users\/4"}],"replies":[{"embeddable":true,"href":"https:\/\/www.africanchallenges.com\/index.php?rest_route=%2Fwp%2Fv2%2Fcomments&post=12154"}],"version-history":[{"count":2,"href":"https:\/\/www.africanchallenges.com\/index.php?rest_route=\/wp\/v2\/posts\/12154\/revisions"}],"predecessor-version":[{"id":12157,"href":"https:\/\/www.africanchallenges.com\/index.php?rest_route=\/wp\/v2\/posts\/12154\/revisions\/12157"}],"wp:featuredmedia":[{"embeddable":true,"href":"https:\/\/www.africanchallenges.com\/index.php?rest_route=\/wp\/v2\/media\/12155"}],"wp:attachment":[{"href":"https:\/\/www.africanchallenges.com\/index.php?rest_route=%2Fwp%2Fv2%2Fmedia&parent=12154"}],"wp:term":[{"taxonomy":"category","embeddable":true,"href":"https:\/\/www.africanchallenges.com\/index.php?rest_route=%2Fwp%2Fv2%2Fcategories&post=12154"},{"taxonomy":"post_tag","embeddable":true,"href":"https:\/\/www.africanchallenges.com\/index.php?rest_route=%2Fwp%2Fv2%2Ftags&post=12154"}],"curies":[{"name":"wp","href":"https:\/\/api.w.org\/{rel}","templated":true}]}}