{"id":11600,"date":"2019-10-11T11:41:20","date_gmt":"2019-10-11T11:41:20","guid":{"rendered":"http:\/\/www.africanchallenges.com\/?p=11600"},"modified":"2019-10-11T12:53:57","modified_gmt":"2019-10-11T12:53:57","slug":"tunisie-presidentielle-le-duel-kais-saied-vs-nabil-karaoui","status":"publish","type":"post","link":"https:\/\/www.africanchallenges.com\/?p=11600","title":{"rendered":"Tunisie &#8211; pr\u00e9sidentielle : le duel Ka\u00efs Sa\u00efed vs Nabil Karoui"},"content":{"rendered":"\n<p><strong>Fait in\u00e9dit dans l&rsquo;univers politque en Tunisie, voire dans le monde arabe, deux candidats qualifi\u00e9s pour le second de l&rsquo;\u00e9lection pr\u00e9sidentielle vont s&rsquo;affronter lors d&rsquo;un face \u00e0 face.<\/strong><\/p>\n<p>Pour la circonstance, ce sera <strong>Ka\u00efs Sa\u00efed<\/strong> arriv\u00e9 en t\u00eate lors du premier tour qui sera face \u00e0 <strong>Nabil Karoui<\/strong> arriv\u00e9 en deuxi\u00e8me position pour ce duel qui s&rsquo;annonce historique pour la jeune d\u00e9mocratie tunisienne.<\/p>\n<p>Les attentes de ce show t\u00e9l\u00e9vis\u00e9, qui sera diffus\u00e9 par la cha\u00eene de t\u00e9l\u00e9vision de service publique El Wataniya \u00e0 21 heures heure locale, sont \u00e9normes. Nous sommes dans un climat o\u00f9 les uns et les autres sont encore tr\u00e8s ind\u00e9cis quant \u00e0 l&rsquo;issue de ce scrutin. Notamment au lendemain des l\u00e9gislatives o\u00f9 le grand gagnant au grand dam du peuple tunisien est et demeure les abstentionnistes.<\/p>\n<p>Ce qui est s\u00fbr, c&rsquo;est que les Tunisiens seront nombreux scotch\u00e9s devant leurs \u00e9crans pour appr\u00e9cier cette joute \u00e9lectorale \u00e0 nul autre pareil dans le pays. Au demeurant, et surtout pour les plus perplexes, on pourra avoir une id\u00e9e sur les principales d\u00e9clinaisons de l&rsquo;offre fait par les deux candidats. Ceci dans un contexte o\u00f9 le ch\u00f4mage bat son plein dans son pays, et la population se d\u00e9sint\u00e9resse de plus en plus de la chose publique, voire de son pouvoir de trancher que repr\u00e9sente le vote.<\/p>\n<p><strong>Ka\u00efs Sa\u00efed<\/strong> ou <strong>Nabil Karoui<\/strong>, dimanche 13 octobre, on saura qui sera le prochain locataire du palais de Carthage.<\/p>\n<p>Aux urnes Tunisiens !!!<\/p>\n","protected":false},"excerpt":{"rendered":"Fait in\u00e9dit dans l'univers politque en Tunisie, voire dans le monde arabe, deux candidats qualifi\u00e9s pour le second de l'\u00e9lection pr\u00e9sidentielle vont s'affronter lors d'un face \u00e0 face. Pour la circonstance, ce sera Ka\u00efs Sa\u00efed arriv\u00e9 en t\u00eate lors du premier tour qui sera face \u00e0 Nabil Karoui arriv\u00e9 en deuxi\u00e8me position pour ce duel [...]","protected":false},"author":2,"featured_media":11601,"comment_status":"open","ping_status":"closed","sticky":false,"template":"","format":"standard","meta":{"content-type":"","jnews-multi-image_gallery":[],"jnews_single_post":{"override_template":"1","override":[{"template":"1","parallax":"1","layout":"right-sidebar","sidebar":"default-sidebar","second_sidebar":"default-sidebar","sticky_sidebar":"1","share_position":"top","share_float_style":"share-monocrhome","show_share_counter":"1","show_view_counter":"1","show_featured":"1","show_post_meta":"1","show_post_author":"1","show_post_author_image":"1","show_post_date":"1","post_date_format":"default","post_date_format_custom":"Y\/m\/d","show_post_category":"1","show_post_tag":"1","show_prev_next_post":"1","show_popup_post":"1","number_popup_post":"1","show_post_related":"1"}],"image_override":[{"single_post_thumbnail_size":"crop-500","single_post_gallery_size":"crop-500"}]},"jnews_primary_category":{"id":""},"jnews_override_bookmark_settings":[],"jnews_review":[],"enable_review":"","type":"","name":"","summary":"","brand":"","sku":"","good":[],"bad":[],"score_override":"","override_value":"","rating":[],"price":[],"jnews_post_split":[],"footnotes":""},"categories":[2],"tags":[2578,3694,130],"class_list":["post-11600","post","type-post","status-publish","format-standard","has-post-thumbnail","hentry","category-news-politique","tag-election-presidentielle","tag-kais-saied","tag-nabil-karoui"],"_links":{"self":[{"href":"https:\/\/www.africanchallenges.com\/index.php?rest_route=\/wp\/v2\/posts\/11600","targetHints":{"allow":["GET"]}}],"collection":[{"href":"https:\/\/www.africanchallenges.com\/index.php?rest_route=\/wp\/v2\/posts"}],"about":[{"href":"https:\/\/www.africanchallenges.com\/index.php?rest_route=\/wp\/v2\/types\/post"}],"author":[{"embeddable":true,"href":"https:\/\/www.africanchallenges.com\/index.php?rest_route=\/wp\/v2\/users\/2"}],"replies":[{"embeddable":true,"href":"https:\/\/www.africanchallenges.com\/index.php?rest_route=%2Fwp%2Fv2%2Fcomments&post=11600"}],"version-history":[{"count":3,"href":"https:\/\/www.africanchallenges.com\/index.php?rest_route=\/wp\/v2\/posts\/11600\/revisions"}],"predecessor-version":[{"id":11609,"href":"https:\/\/www.africanchallenges.com\/index.php?rest_route=\/wp\/v2\/posts\/11600\/revisions\/11609"}],"wp:featuredmedia":[{"embeddable":true,"href":"https:\/\/www.africanchallenges.com\/index.php?rest_route=\/wp\/v2\/media\/11601"}],"wp:attachment":[{"href":"https:\/\/www.africanchallenges.com\/index.php?rest_route=%2Fwp%2Fv2%2Fmedia&parent=11600"}],"wp:term":[{"taxonomy":"category","embeddable":true,"href":"https:\/\/www.africanchallenges.com\/index.php?rest_route=%2Fwp%2Fv2%2Fcategories&post=11600"},{"taxonomy":"post_tag","embeddable":true,"href":"https:\/\/www.africanchallenges.com\/index.php?rest_route=%2Fwp%2Fv2%2Ftags&post=11600"}],"curies":[{"name":"wp","href":"https:\/\/api.w.org\/{rel}","templated":true}]}}