{"id":11596,"date":"2019-10-11T09:19:51","date_gmt":"2019-10-11T09:19:51","guid":{"rendered":"http:\/\/www.africanchallenges.com\/?p=11596"},"modified":"2019-10-11T09:20:29","modified_gmt":"2019-10-11T09:20:29","slug":"economie-lomc-reduit-de-moitie-ses-perspectives-de-croissance-commerciale-mondiale-en-2019","status":"publish","type":"post","link":"https:\/\/www.africanchallenges.com\/?p=11596","title":{"rendered":"Economie : l&rsquo;OMC r\u00e9duit de moiti\u00e9 ses perspectives de croissance commerciale mondiale en 2019"},"content":{"rendered":"\n<p><strong>Le commerce mondial ne devrait cro\u00eetre que de 1,2% en 2019. C\u2019est ce qu\u2019a annonc\u00e9 l\u2019Organisation mondiale du commerce (OMC), ce mardi, sur son <a href=\"https:\/\/www.wto.org\/french\/news_f\/pres19_f\/pr840_f.htm\" target=\"_blank\" rel=\"noopener noreferrer\">site<\/a>.<\/strong><\/p>\n<p>Ces pr\u00e9visions, les plus faibles depuis une d\u00e9cennie, sont dues d\u2019apr\u00e8s l\u2019institution, \u00e0 l\u2019escalade des tensions commerciales et au ralentissement de l\u2019\u00e9conomie mondiale. Elles sont bas\u00e9es sur des estimations consensuelles d&rsquo;une croissance du produit int\u00e9rieur brut (PIB) mondial de 2,3% \u00e0 la fois pour 2019 et pour 2020 contre une estimation pr\u00e9c\u00e9dente de 2,6%. Une baisse \u00e9galement li\u00e9e aux facteurs cycliques et structurels propres \u00e0 chaque pays.<\/p>\n<p>Ainsi, les incertitudes \u00e9conomiques li\u00e9es aux tensions Chine-USA mais \u00e9galement \u00e0 d\u2019autres facteurs tels que le Brexit en Europe ou encore les relations commerciales entre l\u2019Union europ\u00e9enne et les USA, pourraient assombrir les perspectives de croissance commerciale, d\u2019ici la fin de l\u2019ann\u00e9e. Cette situation pourrait \u00e9galement plomber la croissance commerciale de l\u2019ann\u00e9e 2020, revue \u00e0 la baisse \u00e0 2,7%, contre 3% pr\u00e9c\u00e9demment.<\/p>\n<p>\u00ab <strong>Les perspectives du commerce qui s&rsquo;assombrissent sont d\u00e9courageantes, mais pas inattendues. Au-del\u00e0 de leurs effets directs, les conflits commerciaux renforcent l&rsquo;incertitude ; ce qui conduit certaines entreprises \u00e0 reporter des investissements favorables \u00e0 la productivit\u00e9 qui sont essentiels pour \u00e9lever les niveaux de vie<\/strong> \u00bb, a indiqu\u00e9 Roberto Azev\u00eado (photo), directeur g\u00e9n\u00e9ral de l&rsquo;OMC.<\/p>\n<p>Ces conflits pourraient d\u2019ailleurs affecter la cr\u00e9ation d\u2019emplois, les entreprises employant moins de travailleurs pour produire des marchandises et des services destin\u00e9s \u00e0 l&rsquo;exportation. \u00ab La r\u00e9solution des d\u00e9saccords commerciaux permettrait aux membres de l&rsquo;OMC d&rsquo;\u00e9viter ces co\u00fbts \u00bb, a ajout\u00e9 le directeur Azeved\u00f4.<\/p>\n<p>Rappelons qu\u2019en avril dernier, l\u2019institution tablait sur une croissance du commerce mondial \u00e0 2,6% en 2019.<\/p>\n<p>Avec Agence Ecofin<\/p>\n","protected":false},"excerpt":{"rendered":"Le commerce mondial ne devrait cro\u00eetre que de 1,2% en 2019. C\u2019est ce qu\u2019a annonc\u00e9 l\u2019Organisation mondiale du commerce (OMC), ce mardi, sur son site. Ces pr\u00e9visions, les plus faibles depuis une d\u00e9cennie, sont dues d\u2019apr\u00e8s l\u2019institution, \u00e0 l\u2019escalade des tensions commerciales et au ralentissement de l\u2019\u00e9conomie mondiale. Elles sont bas\u00e9es sur des estimations consensuelles [...]","protected":false},"author":4,"featured_media":11597,"comment_status":"open","ping_status":"closed","sticky":false,"template":"","format":"standard","meta":{"content-type":"","jnews-multi-image_gallery":[],"jnews_single_post":{"override_template":"1","override":[{"template":"1","parallax":"1","layout":"right-sidebar","sidebar":"default-sidebar","second_sidebar":"default-sidebar","sticky_sidebar":"1","share_position":"top","share_float_style":"share-monocrhome","show_share_counter":"1","show_view_counter":"1","show_featured":"1","show_post_meta":"1","show_post_author":"1","show_post_author_image":"1","show_post_date":"1","post_date_format":"default","post_date_format_custom":"Y\/m\/d","show_post_category":"1","show_post_tag":"1","show_prev_next_post":"1","show_popup_post":"1","number_popup_post":"1","show_post_related":"1"}],"image_override":[{"single_post_thumbnail_size":"crop-500","single_post_gallery_size":"crop-500"}]},"jnews_primary_category":{"id":""},"jnews_override_bookmark_settings":[],"jnews_review":[],"enable_review":"","type":"","name":"","summary":"","brand":"","sku":"","good":[],"bad":[],"score_override":"","override_value":"","rating":[],"price":[],"jnews_post_split":[],"footnotes":""},"categories":[73],"tags":[3148,3693,3692],"class_list":["post-11596","post","type-post","status-publish","format-standard","has-post-thumbnail","hentry","category-eco","tag-commerce","tag-omc","tag-roberto-azevedo"],"_links":{"self":[{"href":"https:\/\/www.africanchallenges.com\/index.php?rest_route=\/wp\/v2\/posts\/11596","targetHints":{"allow":["GET"]}}],"collection":[{"href":"https:\/\/www.africanchallenges.com\/index.php?rest_route=\/wp\/v2\/posts"}],"about":[{"href":"https:\/\/www.africanchallenges.com\/index.php?rest_route=\/wp\/v2\/types\/post"}],"author":[{"embeddable":true,"href":"https:\/\/www.africanchallenges.com\/index.php?rest_route=\/wp\/v2\/users\/4"}],"replies":[{"embeddable":true,"href":"https:\/\/www.africanchallenges.com\/index.php?rest_route=%2Fwp%2Fv2%2Fcomments&post=11596"}],"version-history":[{"count":1,"href":"https:\/\/www.africanchallenges.com\/index.php?rest_route=\/wp\/v2\/posts\/11596\/revisions"}],"predecessor-version":[{"id":11598,"href":"https:\/\/www.africanchallenges.com\/index.php?rest_route=\/wp\/v2\/posts\/11596\/revisions\/11598"}],"wp:featuredmedia":[{"embeddable":true,"href":"https:\/\/www.africanchallenges.com\/index.php?rest_route=\/wp\/v2\/media\/11597"}],"wp:attachment":[{"href":"https:\/\/www.africanchallenges.com\/index.php?rest_route=%2Fwp%2Fv2%2Fmedia&parent=11596"}],"wp:term":[{"taxonomy":"category","embeddable":true,"href":"https:\/\/www.africanchallenges.com\/index.php?rest_route=%2Fwp%2Fv2%2Fcategories&post=11596"},{"taxonomy":"post_tag","embeddable":true,"href":"https:\/\/www.africanchallenges.com\/index.php?rest_route=%2Fwp%2Fv2%2Ftags&post=11596"}],"curies":[{"name":"wp","href":"https:\/\/api.w.org\/{rel}","templated":true}]}}